{"id":2462,"date":"2016-02-24T00:26:02","date_gmt":"2016-02-24T00:26:02","guid":{"rendered":"http:\/\/primolevicenter.org\/printed-matter\/?p=2462"},"modified":"2016-02-24T00:37:19","modified_gmt":"2016-02-24T00:37:19","slug":"representing-perpetrators","status":"publish","type":"post","link":"https:\/\/primolevicenter.org\/printed-matter\/representing-perpetrators\/","title":{"rendered":"Representing Perpetrators"},"content":{"rendered":"<h4>Call for Papers: Representing Perpetrators of Mass Violence.\u00a0Utrecht University, 31 August\u20133 September, 2016.<\/h4>\n<h6>Organizers: Susanne C. Knittel and U\u011fur \u00dcmit \u00dcng\u00f6r<\/h6>\n<p><b>Keynote speakers:<\/b><\/p>\n<p>Prof. Alexander Hinton (Rutgers University)<\/p>\n<p>Milo Rau, International Institute of Political Murder (<a href=\"http:\/\/international-institute.de\/\">http:\/\/international-institute.de<\/a>)<\/p>\n<p>Many recent films, novels, and television series dealing with perpetrators of mass violence and genocide question the simplistic dichotomy of good versus evil. At the same time, in public discourse and the media such binaries often persist, particularly in the context of the \u201cwar on terror\u201d and in the popular memory of the Holocaust and other major atrocities of the recent past. In both cases, the question of representation is of central importance.<\/p>\n<p>This conference aims to explore the questions and problems that arise in the context of the representation of perpetrators in the media, public discourse, in cultural representations, as well as in education and academic scholarship. The conference title refers to all forms of representation, including but not limited to self-representation (in social media, auto-documents, interviews, testimonies), representation in the news and the media, fictional representation (in literature, film, and the arts), legal representation (either contemporary or historically), representation in the accounts and testimonies of their victims and survivors, and representation in academic scholarship of various disciplines (including history, sociology, anthropology, political science, literary and cultural studies, media studies, philosophy, law, criminology, religious studies, etc.).<\/p>\n<p>We invite papers that address ethical, cultural, philosophical, political, legal, and aesthetic dimensions in the representation of perpetrators of political mass violence and genocide in any historical or geographic context. We also welcome contributions that take a meta-discursive approach, i.e. examine the representation of perpetrators within or across disciplines. In general, contributors should seek to combine case studies or specific examples with broader theoretical, methodological, philosophical, and\/or ethical questions.<\/p>\n<p>Please send an abstract (max. 300 words), and a short bio (max. 100 words) to <a href=\"mailto:perpetratorstudies@uu.nl\">perpetratorstudies@uu.nl<\/a> by 30 April 2016. The conference is open to scholars, including PhD students and early career academics, educators, and curators of sites of memory or museums. The conference language will be English.<\/p>\n<p><b>Susanne C. Knittel<\/b> is Assistant Professor of Comparative Literature at Utrecht University.<\/p>\n<p><b>U\u011fur \u00dcmit \u00dcng\u00f6r<\/b> is Associate Professor of History at Utrecht University and Research Fellow at the Institute for War, Holocaust, and Genocide Studies (NIOD) in Amsterdam.<\/p>\n<p>&nbsp;<\/p>\n","protected":false},"excerpt":{"rendered":"<p>Call for Papers: Representing Perpetrators of Mass Violence.\u00a0Utrecht University, 31 August\u20133 September, 2016. Organizers: Susanne C. Knittel and U\u011fur \u00dcmit \u00dcng\u00f6r Keynote speakers: Prof. Alexander Hinton (Rutgers University) Milo Rau,&#8230;<\/p>\n","protected":false},"author":2,"featured_media":2468,"comment_status":"closed","ping_status":"open","sticky":false,"template":"","format":"standard","meta":{"ngg_post_thumbnail":0,"footnotes":""},"categories":[6],"tags":[],"class_list":["post-2462","post","type-post","status-publish","format-standard","has-post-thumbnail","hentry","category-academia"],"yoast_head":"<!-- This site is optimized with the Yoast SEO plugin v27.0 - https:\/\/yoast.com\/product\/yoast-seo-wordpress\/ -->\n<title>Representing Perpetrators - Printed_Matter<\/title>\n<meta name=\"robots\" content=\"index, follow, max-snippet:-1, max-image-preview:large, max-video-preview:-1\" \/>\n<link rel=\"canonical\" href=\"https:\/\/primolevicenter.org\/printed-matter\/representing-perpetrators\/\" \/>\n<meta property=\"og:locale\" content=\"en_US\" \/>\n<meta property=\"og:type\" content=\"article\" \/>\n<meta property=\"og:title\" content=\"Representing Perpetrators - Printed_Matter\" \/>\n<meta property=\"og:description\" content=\"Call for Papers: Representing Perpetrators of Mass Violence.\u00a0Utrecht University, 31 August\u20133 September, 2016. Organizers: Susanne C. Knittel and U\u011fur \u00dcmit \u00dcng\u00f6r Keynote speakers: Prof. Alexander Hinton (Rutgers University) Milo Rau,...\" \/>\n<meta property=\"og:url\" content=\"https:\/\/primolevicenter.org\/printed-matter\/representing-perpetrators\/\" \/>\n<meta property=\"og:site_name\" content=\"Printed_Matter\" \/>\n<meta property=\"article:published_time\" content=\"2016-02-24T00:26:02+00:00\" \/>\n<meta property=\"article:modified_time\" content=\"2016-02-24T00:37:19+00:00\" \/>\n<meta property=\"og:image\" content=\"https:\/\/primolevicenter.org\/printed-matter\/wp-content\/uploads\/2016\/02\/perpetratorsconference.jpg\" \/>\n\t<meta property=\"og:image:width\" content=\"1200\" \/>\n\t<meta property=\"og:image:height\" content=\"592\" \/>\n\t<meta property=\"og:image:type\" content=\"image\/jpeg\" \/>\n<meta name=\"author\" content=\"adkim\" \/>\n<meta name=\"twitter:card\" content=\"summary_large_image\" \/>\n<meta name=\"twitter:label1\" content=\"Written by\" \/>\n\t<meta name=\"twitter:data1\" content=\"adkim\" \/>\n\t<meta name=\"twitter:label2\" content=\"Est. reading time\" \/>\n\t<meta name=\"twitter:data2\" content=\"2 minutes\" \/>\n<script type=\"application\/ld+json\" class=\"yoast-schema-graph\">{\"@context\":\"https:\/\/schema.org\",\"@graph\":[{\"@type\":\"Article\",\"@id\":\"https:\/\/primolevicenter.org\/printed-matter\/representing-perpetrators\/#article\",\"isPartOf\":{\"@id\":\"https:\/\/primolevicenter.org\/printed-matter\/representing-perpetrators\/\"},\"author\":{\"name\":\"adkim\",\"@id\":\"https:\/\/primolevicenter.org\/printed-matter\/#\/schema\/person\/7db57d2ae8d63dbc6c645dc92917ebe2\"},\"headline\":\"Representing Perpetrators\",\"datePublished\":\"2016-02-24T00:26:02+00:00\",\"dateModified\":\"2016-02-24T00:37:19+00:00\",\"mainEntityOfPage\":{\"@id\":\"https:\/\/primolevicenter.org\/printed-matter\/representing-perpetrators\/\"},\"wordCount\":386,\"image\":{\"@id\":\"https:\/\/primolevicenter.org\/printed-matter\/representing-perpetrators\/#primaryimage\"},\"thumbnailUrl\":\"https:\/\/primolevicenter.org\/printed-matter\/wp-content\/uploads\/2016\/02\/perpetratorsconference.jpg\",\"articleSection\":[\"Academia\"],\"inLanguage\":\"en-US\"},{\"@type\":\"WebPage\",\"@id\":\"https:\/\/primolevicenter.org\/printed-matter\/representing-perpetrators\/\",\"url\":\"https:\/\/primolevicenter.org\/printed-matter\/representing-perpetrators\/\",\"name\":\"Representing Perpetrators - Printed_Matter\",\"isPartOf\":{\"@id\":\"https:\/\/primolevicenter.org\/printed-matter\/#website\"},\"primaryImageOfPage\":{\"@id\":\"https:\/\/primolevicenter.org\/printed-matter\/representing-perpetrators\/#primaryimage\"},\"image\":{\"@id\":\"https:\/\/primolevicenter.org\/printed-matter\/representing-perpetrators\/#primaryimage\"},\"thumbnailUrl\":\"https:\/\/primolevicenter.org\/printed-matter\/wp-content\/uploads\/2016\/02\/perpetratorsconference.jpg\",\"datePublished\":\"2016-02-24T00:26:02+00:00\",\"dateModified\":\"2016-02-24T00:37:19+00:00\",\"author\":{\"@id\":\"https:\/\/primolevicenter.org\/printed-matter\/#\/schema\/person\/7db57d2ae8d63dbc6c645dc92917ebe2\"},\"breadcrumb\":{\"@id\":\"https:\/\/primolevicenter.org\/printed-matter\/representing-perpetrators\/#breadcrumb\"},\"inLanguage\":\"en-US\",\"potentialAction\":[{\"@type\":\"ReadAction\",\"target\":[\"https:\/\/primolevicenter.org\/printed-matter\/representing-perpetrators\/\"]}]},{\"@type\":\"ImageObject\",\"inLanguage\":\"en-US\",\"@id\":\"https:\/\/primolevicenter.org\/printed-matter\/representing-perpetrators\/#primaryimage\",\"url\":\"https:\/\/primolevicenter.org\/printed-matter\/wp-content\/uploads\/2016\/02\/perpetratorsconference.jpg\",\"contentUrl\":\"https:\/\/primolevicenter.org\/printed-matter\/wp-content\/uploads\/2016\/02\/perpetratorsconference.jpg\",\"width\":1200,\"height\":592},{\"@type\":\"BreadcrumbList\",\"@id\":\"https:\/\/primolevicenter.org\/printed-matter\/representing-perpetrators\/#breadcrumb\",\"itemListElement\":[{\"@type\":\"ListItem\",\"position\":1,\"name\":\"Home\",\"item\":\"https:\/\/primolevicenter.org\/printed-matter\/\"},{\"@type\":\"ListItem\",\"position\":2,\"name\":\"Representing Perpetrators\"}]},{\"@type\":\"WebSite\",\"@id\":\"https:\/\/primolevicenter.org\/printed-matter\/#website\",\"url\":\"https:\/\/primolevicenter.org\/printed-matter\/\",\"name\":\"Printed_Matter\",\"description\":\"Centro Primo Levi Online Monthly\",\"potentialAction\":[{\"@type\":\"SearchAction\",\"target\":{\"@type\":\"EntryPoint\",\"urlTemplate\":\"https:\/\/primolevicenter.org\/printed-matter\/?s={search_term_string}\"},\"query-input\":{\"@type\":\"PropertyValueSpecification\",\"valueRequired\":true,\"valueName\":\"search_term_string\"}}],\"inLanguage\":\"en-US\"},{\"@type\":\"Person\",\"@id\":\"https:\/\/primolevicenter.org\/printed-matter\/#\/schema\/person\/7db57d2ae8d63dbc6c645dc92917ebe2\",\"name\":\"adkim\",\"url\":\"https:\/\/primolevicenter.org\/printed-matter\/author\/almond\/\"}]}<\/script>\n<!-- \/ Yoast SEO plugin. -->","yoast_head_json":{"title":"Representing Perpetrators - Printed_Matter","robots":{"index":"index","follow":"follow","max-snippet":"max-snippet:-1","max-image-preview":"max-image-preview:large","max-video-preview":"max-video-preview:-1"},"canonical":"https:\/\/primolevicenter.org\/printed-matter\/representing-perpetrators\/","og_locale":"en_US","og_type":"article","og_title":"Representing Perpetrators - Printed_Matter","og_description":"Call for Papers: Representing Perpetrators of Mass Violence.\u00a0Utrecht University, 31 August\u20133 September, 2016. Organizers: Susanne C. Knittel and U\u011fur \u00dcmit \u00dcng\u00f6r Keynote speakers: Prof. Alexander Hinton (Rutgers University) Milo Rau,...","og_url":"https:\/\/primolevicenter.org\/printed-matter\/representing-perpetrators\/","og_site_name":"Printed_Matter","article_published_time":"2016-02-24T00:26:02+00:00","article_modified_time":"2016-02-24T00:37:19+00:00","og_image":[{"width":1200,"height":592,"url":"https:\/\/primolevicenter.org\/printed-matter\/wp-content\/uploads\/2016\/02\/perpetratorsconference.jpg","type":"image\/jpeg"}],"author":"adkim","twitter_card":"summary_large_image","twitter_misc":{"Written by":"adkim","Est. reading time":"2 minutes"},"schema":{"@context":"https:\/\/schema.org","@graph":[{"@type":"Article","@id":"https:\/\/primolevicenter.org\/printed-matter\/representing-perpetrators\/#article","isPartOf":{"@id":"https:\/\/primolevicenter.org\/printed-matter\/representing-perpetrators\/"},"author":{"name":"adkim","@id":"https:\/\/primolevicenter.org\/printed-matter\/#\/schema\/person\/7db57d2ae8d63dbc6c645dc92917ebe2"},"headline":"Representing Perpetrators","datePublished":"2016-02-24T00:26:02+00:00","dateModified":"2016-02-24T00:37:19+00:00","mainEntityOfPage":{"@id":"https:\/\/primolevicenter.org\/printed-matter\/representing-perpetrators\/"},"wordCount":386,"image":{"@id":"https:\/\/primolevicenter.org\/printed-matter\/representing-perpetrators\/#primaryimage"},"thumbnailUrl":"https:\/\/primolevicenter.org\/printed-matter\/wp-content\/uploads\/2016\/02\/perpetratorsconference.jpg","articleSection":["Academia"],"inLanguage":"en-US"},{"@type":"WebPage","@id":"https:\/\/primolevicenter.org\/printed-matter\/representing-perpetrators\/","url":"https:\/\/primolevicenter.org\/printed-matter\/representing-perpetrators\/","name":"Representing Perpetrators - Printed_Matter","isPartOf":{"@id":"https:\/\/primolevicenter.org\/printed-matter\/#website"},"primaryImageOfPage":{"@id":"https:\/\/primolevicenter.org\/printed-matter\/representing-perpetrators\/#primaryimage"},"image":{"@id":"https:\/\/primolevicenter.org\/printed-matter\/representing-perpetrators\/#primaryimage"},"thumbnailUrl":"https:\/\/primolevicenter.org\/printed-matter\/wp-content\/uploads\/2016\/02\/perpetratorsconference.jpg","datePublished":"2016-02-24T00:26:02+00:00","dateModified":"2016-02-24T00:37:19+00:00","author":{"@id":"https:\/\/primolevicenter.org\/printed-matter\/#\/schema\/person\/7db57d2ae8d63dbc6c645dc92917ebe2"},"breadcrumb":{"@id":"https:\/\/primolevicenter.org\/printed-matter\/representing-perpetrators\/#breadcrumb"},"inLanguage":"en-US","potentialAction":[{"@type":"ReadAction","target":["https:\/\/primolevicenter.org\/printed-matter\/representing-perpetrators\/"]}]},{"@type":"ImageObject","inLanguage":"en-US","@id":"https:\/\/primolevicenter.org\/printed-matter\/representing-perpetrators\/#primaryimage","url":"https:\/\/primolevicenter.org\/printed-matter\/wp-content\/uploads\/2016\/02\/perpetratorsconference.jpg","contentUrl":"https:\/\/primolevicenter.org\/printed-matter\/wp-content\/uploads\/2016\/02\/perpetratorsconference.jpg","width":1200,"height":592},{"@type":"BreadcrumbList","@id":"https:\/\/primolevicenter.org\/printed-matter\/representing-perpetrators\/#breadcrumb","itemListElement":[{"@type":"ListItem","position":1,"name":"Home","item":"https:\/\/primolevicenter.org\/printed-matter\/"},{"@type":"ListItem","position":2,"name":"Representing Perpetrators"}]},{"@type":"WebSite","@id":"https:\/\/primolevicenter.org\/printed-matter\/#website","url":"https:\/\/primolevicenter.org\/printed-matter\/","name":"Printed_Matter","description":"Centro Primo Levi Online Monthly","potentialAction":[{"@type":"SearchAction","target":{"@type":"EntryPoint","urlTemplate":"https:\/\/primolevicenter.org\/printed-matter\/?s={search_term_string}"},"query-input":{"@type":"PropertyValueSpecification","valueRequired":true,"valueName":"search_term_string"}}],"inLanguage":"en-US"},{"@type":"Person","@id":"https:\/\/primolevicenter.org\/printed-matter\/#\/schema\/person\/7db57d2ae8d63dbc6c645dc92917ebe2","name":"adkim","url":"https:\/\/primolevicenter.org\/printed-matter\/author\/almond\/"}]}},"_links":{"self":[{"href":"https:\/\/primolevicenter.org\/printed-matter\/wp-json\/wp\/v2\/posts\/2462","targetHints":{"allow":["GET"]}}],"collection":[{"href":"https:\/\/primolevicenter.org\/printed-matter\/wp-json\/wp\/v2\/posts"}],"about":[{"href":"https:\/\/primolevicenter.org\/printed-matter\/wp-json\/wp\/v2\/types\/post"}],"author":[{"embeddable":true,"href":"https:\/\/primolevicenter.org\/printed-matter\/wp-json\/wp\/v2\/users\/2"}],"replies":[{"embeddable":true,"href":"https:\/\/primolevicenter.org\/printed-matter\/wp-json\/wp\/v2\/comments?post=2462"}],"version-history":[{"count":4,"href":"https:\/\/primolevicenter.org\/printed-matter\/wp-json\/wp\/v2\/posts\/2462\/revisions"}],"predecessor-version":[{"id":2480,"href":"https:\/\/primolevicenter.org\/printed-matter\/wp-json\/wp\/v2\/posts\/2462\/revisions\/2480"}],"wp:featuredmedia":[{"embeddable":true,"href":"https:\/\/primolevicenter.org\/printed-matter\/wp-json\/wp\/v2\/media\/2468"}],"wp:attachment":[{"href":"https:\/\/primolevicenter.org\/printed-matter\/wp-json\/wp\/v2\/media?parent=2462"}],"wp:term":[{"taxonomy":"category","embeddable":true,"href":"https:\/\/primolevicenter.org\/printed-matter\/wp-json\/wp\/v2\/categories?post=2462"},{"taxonomy":"post_tag","embeddable":true,"href":"https:\/\/primolevicenter.org\/printed-matter\/wp-json\/wp\/v2\/tags?post=2462"}],"curies":[{"name":"wp","href":"https:\/\/api.w.org\/{rel}","templated":true}]}}