{"id":272,"date":"2014-03-25T18:03:17","date_gmt":"2014-03-25T18:03:17","guid":{"rendered":"http:\/\/primolevicenter.org\/printed-matter\/?p=272"},"modified":"2014-03-26T21:53:26","modified_gmt":"2014-03-26T21:53:26","slug":"edoth-the-jews-of-the-mediteranean","status":"publish","type":"post","link":"https:\/\/primolevicenter.org\/printed-matter\/edoth-the-jews-of-the-mediteranean\/","title":{"rendered":"Edoth, Mediteranean Jews"},"content":{"rendered":"<p>Edoth. The Jews of the Mediterranean and Middle East. Lebanese, Syrian, Egyptian, Libyan, Turks and Iranian<\/p>\n<p>The Center of Contemporary Jewish Documentation in Milan initiated two projects dedicated to the Jews of the Mediterranean the Near East who, in the second half of the 20th century, emigrated from Arab countries to Europe. The projects, &#8220;Edoth. The Jews of the Mediterranean and Middle East. Lebanese, Syrian, Egyptian, Libyan, Turks and Iranian,&#8221; and &#8220;Mapping Living Memories: The Jewish Diaspora from Libya across Europe and the Mediterranean&#8221; are funded by the European Sources Material\u00a0della Rothschild Foundation Europe.<br \/>\nBoth projects have as their ultimate goal the knowledge of the history, culture, customs, social composition of the Jewish communities of the Mediterranean basin and the Near East, as well as the story of their migration through the collection of testimonies and life stories.<br \/>\nOn December 20, 2013 CDEC presents a seminar dedicated to the Jews of Libya. The construction of memory and narratives of the past and the exile of this community will be considered in relation to the broader historical context of the period and the events that have impacted the regions of North Africa.<\/p>\n<p>Speakers: \u2028Piera Lipstick ( Ca &#8216;Foscari University of Venice)<br \/>\nBarbara Spadaro (The British School at Rome)\u00a0 researchers of the project &#8220;Mapping Living Memories&#8221; \u2028Fr\u00e9d\u00e9ric Ab\u00e9cassis, Professor of Contemporary History ( Ecole Normale Sup\u00e9rieure de Lyon ), expert history of Egypt and the Maghreb. Introduced and moderated work, Liliana Picciotto Foundation (CDEC) , coordinator of the &#8220;Edoth&#8221; project.<\/p>\n<p>The meeting is open to the public subject to availability of space. Fondazione CDEC via Eupili 8 in Milan starting at 10.30 am.<br \/>\nAdditional information: www.cdec.it<\/p>\n","protected":false},"excerpt":{"rendered":"<p>Edoth. The Jews of the Mediterranean and Middle East. Lebanese, Syrian, Egyptian, Libyan, Turks and Iranian The Center of Contemporary Jewish Documentation in Milan initiated two projects dedicated to the&#8230;<\/p>\n","protected":false},"author":2,"featured_media":273,"comment_status":"closed","ping_status":"open","sticky":false,"template":"","format":"standard","meta":{"ngg_post_thumbnail":0,"footnotes":""},"categories":[6],"tags":[],"class_list":["post-272","post","type-post","status-publish","format-standard","has-post-thumbnail","hentry","category-academia"],"yoast_head":"<!-- This site is optimized with the Yoast SEO plugin v27.0 - https:\/\/yoast.com\/product\/yoast-seo-wordpress\/ -->\n<title>Edoth, Mediteranean Jews - Printed_Matter<\/title>\n<meta name=\"robots\" content=\"index, follow, max-snippet:-1, max-image-preview:large, max-video-preview:-1\" \/>\n<link rel=\"canonical\" href=\"https:\/\/primolevicenter.org\/printed-matter\/edoth-the-jews-of-the-mediteranean\/\" \/>\n<meta property=\"og:locale\" content=\"en_US\" \/>\n<meta property=\"og:type\" content=\"article\" \/>\n<meta property=\"og:title\" content=\"Edoth, Mediteranean Jews - Printed_Matter\" \/>\n<meta property=\"og:description\" content=\"Edoth. The Jews of the Mediterranean and Middle East. Lebanese, Syrian, Egyptian, Libyan, Turks and Iranian The Center of Contemporary Jewish Documentation in Milan initiated two projects dedicated to the...\" \/>\n<meta property=\"og:url\" content=\"https:\/\/primolevicenter.org\/printed-matter\/edoth-the-jews-of-the-mediteranean\/\" \/>\n<meta property=\"og:site_name\" content=\"Printed_Matter\" \/>\n<meta property=\"article:published_time\" content=\"2014-03-25T18:03:17+00:00\" \/>\n<meta property=\"article:modified_time\" content=\"2014-03-26T21:53:26+00:00\" \/>\n<meta property=\"og:image\" content=\"https:\/\/primolevicenter.org\/printed-matter\/wp-content\/uploads\/2014\/03\/bassorilievo.jpg\" \/>\n\t<meta property=\"og:image:width\" content=\"400\" \/>\n\t<meta property=\"og:image:height\" content=\"300\" \/>\n\t<meta property=\"og:image:type\" content=\"image\/jpeg\" \/>\n<meta name=\"author\" content=\"adkim\" \/>\n<meta name=\"twitter:card\" content=\"summary_large_image\" \/>\n<meta name=\"twitter:label1\" content=\"Written by\" \/>\n\t<meta name=\"twitter:data1\" content=\"adkim\" \/>\n\t<meta name=\"twitter:label2\" content=\"Est. reading time\" \/>\n\t<meta name=\"twitter:data2\" content=\"1 minute\" \/>\n<script type=\"application\/ld+json\" class=\"yoast-schema-graph\">{\"@context\":\"https:\/\/schema.org\",\"@graph\":[{\"@type\":\"Article\",\"@id\":\"https:\/\/primolevicenter.org\/printed-matter\/edoth-the-jews-of-the-mediteranean\/#article\",\"isPartOf\":{\"@id\":\"https:\/\/primolevicenter.org\/printed-matter\/edoth-the-jews-of-the-mediteranean\/\"},\"author\":{\"name\":\"adkim\",\"@id\":\"https:\/\/primolevicenter.org\/printed-matter\/#\/schema\/person\/7db57d2ae8d63dbc6c645dc92917ebe2\"},\"headline\":\"Edoth, Mediteranean Jews\",\"datePublished\":\"2014-03-25T18:03:17+00:00\",\"dateModified\":\"2014-03-26T21:53:26+00:00\",\"mainEntityOfPage\":{\"@id\":\"https:\/\/primolevicenter.org\/printed-matter\/edoth-the-jews-of-the-mediteranean\/\"},\"wordCount\":276,\"image\":{\"@id\":\"https:\/\/primolevicenter.org\/printed-matter\/edoth-the-jews-of-the-mediteranean\/#primaryimage\"},\"thumbnailUrl\":\"https:\/\/primolevicenter.org\/printed-matter\/wp-content\/uploads\/2014\/03\/bassorilievo.jpg\",\"articleSection\":[\"Academia\"],\"inLanguage\":\"en-US\"},{\"@type\":\"WebPage\",\"@id\":\"https:\/\/primolevicenter.org\/printed-matter\/edoth-the-jews-of-the-mediteranean\/\",\"url\":\"https:\/\/primolevicenter.org\/printed-matter\/edoth-the-jews-of-the-mediteranean\/\",\"name\":\"Edoth, Mediteranean Jews - Printed_Matter\",\"isPartOf\":{\"@id\":\"https:\/\/primolevicenter.org\/printed-matter\/#website\"},\"primaryImageOfPage\":{\"@id\":\"https:\/\/primolevicenter.org\/printed-matter\/edoth-the-jews-of-the-mediteranean\/#primaryimage\"},\"image\":{\"@id\":\"https:\/\/primolevicenter.org\/printed-matter\/edoth-the-jews-of-the-mediteranean\/#primaryimage\"},\"thumbnailUrl\":\"https:\/\/primolevicenter.org\/printed-matter\/wp-content\/uploads\/2014\/03\/bassorilievo.jpg\",\"datePublished\":\"2014-03-25T18:03:17+00:00\",\"dateModified\":\"2014-03-26T21:53:26+00:00\",\"author\":{\"@id\":\"https:\/\/primolevicenter.org\/printed-matter\/#\/schema\/person\/7db57d2ae8d63dbc6c645dc92917ebe2\"},\"breadcrumb\":{\"@id\":\"https:\/\/primolevicenter.org\/printed-matter\/edoth-the-jews-of-the-mediteranean\/#breadcrumb\"},\"inLanguage\":\"en-US\",\"potentialAction\":[{\"@type\":\"ReadAction\",\"target\":[\"https:\/\/primolevicenter.org\/printed-matter\/edoth-the-jews-of-the-mediteranean\/\"]}]},{\"@type\":\"ImageObject\",\"inLanguage\":\"en-US\",\"@id\":\"https:\/\/primolevicenter.org\/printed-matter\/edoth-the-jews-of-the-mediteranean\/#primaryimage\",\"url\":\"https:\/\/primolevicenter.org\/printed-matter\/wp-content\/uploads\/2014\/03\/bassorilievo.jpg\",\"contentUrl\":\"https:\/\/primolevicenter.org\/printed-matter\/wp-content\/uploads\/2014\/03\/bassorilievo.jpg\",\"width\":400,\"height\":300},{\"@type\":\"BreadcrumbList\",\"@id\":\"https:\/\/primolevicenter.org\/printed-matter\/edoth-the-jews-of-the-mediteranean\/#breadcrumb\",\"itemListElement\":[{\"@type\":\"ListItem\",\"position\":1,\"name\":\"Home\",\"item\":\"https:\/\/primolevicenter.org\/printed-matter\/\"},{\"@type\":\"ListItem\",\"position\":2,\"name\":\"Edoth, Mediteranean Jews\"}]},{\"@type\":\"WebSite\",\"@id\":\"https:\/\/primolevicenter.org\/printed-matter\/#website\",\"url\":\"https:\/\/primolevicenter.org\/printed-matter\/\",\"name\":\"Printed_Matter\",\"description\":\"Centro Primo Levi Online Monthly\",\"potentialAction\":[{\"@type\":\"SearchAction\",\"target\":{\"@type\":\"EntryPoint\",\"urlTemplate\":\"https:\/\/primolevicenter.org\/printed-matter\/?s={search_term_string}\"},\"query-input\":{\"@type\":\"PropertyValueSpecification\",\"valueRequired\":true,\"valueName\":\"search_term_string\"}}],\"inLanguage\":\"en-US\"},{\"@type\":\"Person\",\"@id\":\"https:\/\/primolevicenter.org\/printed-matter\/#\/schema\/person\/7db57d2ae8d63dbc6c645dc92917ebe2\",\"name\":\"adkim\",\"url\":\"https:\/\/primolevicenter.org\/printed-matter\/author\/almond\/\"}]}<\/script>\n<!-- \/ Yoast SEO plugin. -->","yoast_head_json":{"title":"Edoth, Mediteranean Jews - Printed_Matter","robots":{"index":"index","follow":"follow","max-snippet":"max-snippet:-1","max-image-preview":"max-image-preview:large","max-video-preview":"max-video-preview:-1"},"canonical":"https:\/\/primolevicenter.org\/printed-matter\/edoth-the-jews-of-the-mediteranean\/","og_locale":"en_US","og_type":"article","og_title":"Edoth, Mediteranean Jews - Printed_Matter","og_description":"Edoth. The Jews of the Mediterranean and Middle East. Lebanese, Syrian, Egyptian, Libyan, Turks and Iranian The Center of Contemporary Jewish Documentation in Milan initiated two projects dedicated to the...","og_url":"https:\/\/primolevicenter.org\/printed-matter\/edoth-the-jews-of-the-mediteranean\/","og_site_name":"Printed_Matter","article_published_time":"2014-03-25T18:03:17+00:00","article_modified_time":"2014-03-26T21:53:26+00:00","og_image":[{"width":400,"height":300,"url":"https:\/\/primolevicenter.org\/printed-matter\/wp-content\/uploads\/2014\/03\/bassorilievo.jpg","type":"image\/jpeg"}],"author":"adkim","twitter_card":"summary_large_image","twitter_misc":{"Written by":"adkim","Est. reading time":"1 minute"},"schema":{"@context":"https:\/\/schema.org","@graph":[{"@type":"Article","@id":"https:\/\/primolevicenter.org\/printed-matter\/edoth-the-jews-of-the-mediteranean\/#article","isPartOf":{"@id":"https:\/\/primolevicenter.org\/printed-matter\/edoth-the-jews-of-the-mediteranean\/"},"author":{"name":"adkim","@id":"https:\/\/primolevicenter.org\/printed-matter\/#\/schema\/person\/7db57d2ae8d63dbc6c645dc92917ebe2"},"headline":"Edoth, Mediteranean Jews","datePublished":"2014-03-25T18:03:17+00:00","dateModified":"2014-03-26T21:53:26+00:00","mainEntityOfPage":{"@id":"https:\/\/primolevicenter.org\/printed-matter\/edoth-the-jews-of-the-mediteranean\/"},"wordCount":276,"image":{"@id":"https:\/\/primolevicenter.org\/printed-matter\/edoth-the-jews-of-the-mediteranean\/#primaryimage"},"thumbnailUrl":"https:\/\/primolevicenter.org\/printed-matter\/wp-content\/uploads\/2014\/03\/bassorilievo.jpg","articleSection":["Academia"],"inLanguage":"en-US"},{"@type":"WebPage","@id":"https:\/\/primolevicenter.org\/printed-matter\/edoth-the-jews-of-the-mediteranean\/","url":"https:\/\/primolevicenter.org\/printed-matter\/edoth-the-jews-of-the-mediteranean\/","name":"Edoth, Mediteranean Jews - Printed_Matter","isPartOf":{"@id":"https:\/\/primolevicenter.org\/printed-matter\/#website"},"primaryImageOfPage":{"@id":"https:\/\/primolevicenter.org\/printed-matter\/edoth-the-jews-of-the-mediteranean\/#primaryimage"},"image":{"@id":"https:\/\/primolevicenter.org\/printed-matter\/edoth-the-jews-of-the-mediteranean\/#primaryimage"},"thumbnailUrl":"https:\/\/primolevicenter.org\/printed-matter\/wp-content\/uploads\/2014\/03\/bassorilievo.jpg","datePublished":"2014-03-25T18:03:17+00:00","dateModified":"2014-03-26T21:53:26+00:00","author":{"@id":"https:\/\/primolevicenter.org\/printed-matter\/#\/schema\/person\/7db57d2ae8d63dbc6c645dc92917ebe2"},"breadcrumb":{"@id":"https:\/\/primolevicenter.org\/printed-matter\/edoth-the-jews-of-the-mediteranean\/#breadcrumb"},"inLanguage":"en-US","potentialAction":[{"@type":"ReadAction","target":["https:\/\/primolevicenter.org\/printed-matter\/edoth-the-jews-of-the-mediteranean\/"]}]},{"@type":"ImageObject","inLanguage":"en-US","@id":"https:\/\/primolevicenter.org\/printed-matter\/edoth-the-jews-of-the-mediteranean\/#primaryimage","url":"https:\/\/primolevicenter.org\/printed-matter\/wp-content\/uploads\/2014\/03\/bassorilievo.jpg","contentUrl":"https:\/\/primolevicenter.org\/printed-matter\/wp-content\/uploads\/2014\/03\/bassorilievo.jpg","width":400,"height":300},{"@type":"BreadcrumbList","@id":"https:\/\/primolevicenter.org\/printed-matter\/edoth-the-jews-of-the-mediteranean\/#breadcrumb","itemListElement":[{"@type":"ListItem","position":1,"name":"Home","item":"https:\/\/primolevicenter.org\/printed-matter\/"},{"@type":"ListItem","position":2,"name":"Edoth, Mediteranean Jews"}]},{"@type":"WebSite","@id":"https:\/\/primolevicenter.org\/printed-matter\/#website","url":"https:\/\/primolevicenter.org\/printed-matter\/","name":"Printed_Matter","description":"Centro Primo Levi Online Monthly","potentialAction":[{"@type":"SearchAction","target":{"@type":"EntryPoint","urlTemplate":"https:\/\/primolevicenter.org\/printed-matter\/?s={search_term_string}"},"query-input":{"@type":"PropertyValueSpecification","valueRequired":true,"valueName":"search_term_string"}}],"inLanguage":"en-US"},{"@type":"Person","@id":"https:\/\/primolevicenter.org\/printed-matter\/#\/schema\/person\/7db57d2ae8d63dbc6c645dc92917ebe2","name":"adkim","url":"https:\/\/primolevicenter.org\/printed-matter\/author\/almond\/"}]}},"_links":{"self":[{"href":"https:\/\/primolevicenter.org\/printed-matter\/wp-json\/wp\/v2\/posts\/272","targetHints":{"allow":["GET"]}}],"collection":[{"href":"https:\/\/primolevicenter.org\/printed-matter\/wp-json\/wp\/v2\/posts"}],"about":[{"href":"https:\/\/primolevicenter.org\/printed-matter\/wp-json\/wp\/v2\/types\/post"}],"author":[{"embeddable":true,"href":"https:\/\/primolevicenter.org\/printed-matter\/wp-json\/wp\/v2\/users\/2"}],"replies":[{"embeddable":true,"href":"https:\/\/primolevicenter.org\/printed-matter\/wp-json\/wp\/v2\/comments?post=272"}],"version-history":[{"count":6,"href":"https:\/\/primolevicenter.org\/printed-matter\/wp-json\/wp\/v2\/posts\/272\/revisions"}],"predecessor-version":[{"id":287,"href":"https:\/\/primolevicenter.org\/printed-matter\/wp-json\/wp\/v2\/posts\/272\/revisions\/287"}],"wp:featuredmedia":[{"embeddable":true,"href":"https:\/\/primolevicenter.org\/printed-matter\/wp-json\/wp\/v2\/media\/273"}],"wp:attachment":[{"href":"https:\/\/primolevicenter.org\/printed-matter\/wp-json\/wp\/v2\/media?parent=272"}],"wp:term":[{"taxonomy":"category","embeddable":true,"href":"https:\/\/primolevicenter.org\/printed-matter\/wp-json\/wp\/v2\/categories?post=272"},{"taxonomy":"post_tag","embeddable":true,"href":"https:\/\/primolevicenter.org\/printed-matter\/wp-json\/wp\/v2\/tags?post=272"}],"curies":[{"name":"wp","href":"https:\/\/api.w.org\/{rel}","templated":true}]}}