{"id":4860,"date":"2021-04-28T01:13:05","date_gmt":"2021-04-28T01:13:05","guid":{"rendered":"http:\/\/primolevicenter.org\/printed-matter\/?p=4860"},"modified":"2021-04-28T15:24:28","modified_gmt":"2021-04-28T15:24:28","slug":"aldo-braibanti-the-scandal-of-the-imagination","status":"publish","type":"post","link":"https:\/\/primolevicenter.org\/printed-matter\/aldo-braibanti-the-scandal-of-the-imagination\/","title":{"rendered":"Aldo Braibanti: The Scandal of the Imagination"},"content":{"rendered":"<blockquote><p>&nbsp;<\/p>\n<p><span style=\"color: #ff6600;\">A modern anarchist outlines a new ecological horizon where man renounces the idea of primacy over other living beings. Imagination is his main instrument: when he puts it to work, scandal erupts.<\/span><\/p><\/blockquote>\n<p>Aldo Braibanti (1922-2014) fought in the antifascist resistance and, when the war was over, returned to his first passion: poetry. With a group of like-minded men, he built one of Italy&#8217;s first post-war artists communes at the torrione Farnese of Castell&#8217;Arquato. &#8220;At the tower, each of us was seeking a peaceful solitude which is the exact opposite of the solitude one suffers in modern cities&#8230; without the ambition to start artistic or cultural trends. The only common condition was a shared attitude toward organized religion, politics, and society.&#8221; The commune was a free laboratory for poetry, pottery, collage, philosophy, theater, and film. Youth from all walks of life, grown-up under the dictatorship, rediscovered the pleasure of learning without dogmas. They pursued the idea that the practice of art, ethics, and social relations could be the foundations for a new political\/ecological conscience.<\/p>\n<p>Braibanti is probably know to most for his activity during the antifascist Resistance and for the grotesque trial that, in 1968, lead to his incarceration.<\/p>\n<p>His case became a symbol of the profound conflicts that, in post-war Italy, brew under the surface of political and cultural compromises. In court, everything was put on trial: poetry, music, anarchism, science, homosexuality, and the idea of disinterested human and intellectual relation that is central to Braibanti\u2019s work.<\/p>\n<p>This short collage pays tribute to Braibanti, attesting to bring to life the poetry, the love for nature, the inventiveness, and the skepticism for any movement that seeks to narrow down humanity to simple labels.<\/p>\n<div class=\"sc-separator type-thin\"><\/div>\n<p><strong>Resources about Aldo Braibanti:<\/strong><\/p>\n<p><a href=\"https:\/\/en.wikipedia.org\/wiki\/Aldo_Braibanti\">English biography<\/a><\/p>\n<p><a href=\"http:\/\/www.teche.rai.it\/techecustomer\/centro-primo-levi\/\">Teche RAI (historical archives of the Italian television)<\/a> &nbsp; [property of Teche RAI]\n<div class=\"sc-separator type-thin\"><\/div>\n<h4>The Scandal of Imagination (2021)<\/h4>\n<p><iframe loading=\"lazy\" src=\"https:\/\/player.vimeo.com\/video\/541407197?dnt=1&amp;app_id=122963\" width=\"690\" height=\"364\" frameborder=\"0\" allow=\"autoplay; fullscreen; picture-in-picture\" allowfullscreen title=\"The Scandal of the Imagination - Trailer\"><\/iframe><\/p>\n<p><em>A video-collage by Alessandro Cassin and produced by Awen Films. With the participation of Helga Davis, V\u00edt Ho\u0159ej\u0161 and Luciano Chessa. Music by Silvano Bussotti, Maria Monti, Luca Balbo, Vittorio Gelmetti and Rombout Willems. In collaboration with the New York Public Library for the Performing Arts for the Carnegie Hall Festival \u201cVoices of Hope\u201d.&nbsp;<\/em><\/p>\n<p><em>Thanks: RAI Teche; Sylvano\u2008Bussotti; Simon Garnier and New Jersey Institute of Technology,&nbsp;<\/em>Czechoslovak-American Marionette Theater NY,&nbsp;<em>The Andrew Freedman Home in The Bronx.<\/em><\/p>\n<div class=\"sc-separator type-thin\"><\/div>\n<h4>Sylvano Bussotti,&nbsp;Julio Organum Julii.&nbsp;Liturgia d\u2019Organo (1968)<\/h4>\n<p>Per organo e voce recitante.&nbsp;With a poem by Aldo Braibanti<br \/>\nLuciano Chessa,&nbsp;Organ and voice<\/p>\n<p><iframe loading=\"lazy\" src=\"https:\/\/player.vimeo.com\/video\/542453186?dnt=1&amp;app_id=122963\" width=\"690\" height=\"388\" frameborder=\"0\" allow=\"autoplay; fullscreen; picture-in-picture\" allowfullscreen title=\"CHESSA_Julio_Julii_Organum\"><\/iframe><\/p>\n<p><em>Video by Nino Caltabiano.&nbsp;Audio by Margareth Kammerer<\/em><br \/>\n<em>Recorded on March 1, 2021 at the Kaiser Wilhelm Memorial Church, Berlin<\/em><br \/>\n<em>Voice overdubs, audio mix and mastering by Aaron Snyder on March 26, 2021<\/em><\/p>\n","protected":false},"excerpt":{"rendered":"<p>&nbsp; A modern anarchist outlines a new ecological horizon where man renounces the idea of primacy over other living beings. Imagination is his main instrument: when he puts it to&#8230;<\/p>\n","protected":false},"author":2,"featured_media":4862,"comment_status":"closed","ping_status":"open","sticky":false,"template":"","format":"standard","meta":{"ngg_post_thumbnail":0,"footnotes":""},"categories":[4],"tags":[],"class_list":["post-4860","post","type-post","status-publish","format-standard","has-post-thumbnail","hentry","category-essays"],"yoast_head":"<!-- This site is optimized with the Yoast SEO plugin v27.0 - https:\/\/yoast.com\/product\/yoast-seo-wordpress\/ -->\n<title>Aldo Braibanti: The Scandal of the Imagination - Printed_Matter<\/title>\n<meta name=\"robots\" content=\"index, follow, max-snippet:-1, max-image-preview:large, max-video-preview:-1\" \/>\n<link rel=\"canonical\" href=\"https:\/\/primolevicenter.org\/printed-matter\/aldo-braibanti-the-scandal-of-the-imagination\/\" \/>\n<meta property=\"og:locale\" content=\"en_US\" \/>\n<meta property=\"og:type\" content=\"article\" \/>\n<meta property=\"og:title\" content=\"Aldo Braibanti: The Scandal of the Imagination - Printed_Matter\" \/>\n<meta property=\"og:description\" content=\"&nbsp; A modern anarchist outlines a new ecological horizon where man renounces the idea of primacy over other living beings. Imagination is his main instrument: when he puts it to...\" \/>\n<meta property=\"og:url\" content=\"https:\/\/primolevicenter.org\/printed-matter\/aldo-braibanti-the-scandal-of-the-imagination\/\" \/>\n<meta property=\"og:site_name\" content=\"Printed_Matter\" \/>\n<meta property=\"article:published_time\" content=\"2021-04-28T01:13:05+00:00\" \/>\n<meta property=\"article:modified_time\" content=\"2021-04-28T15:24:28+00:00\" \/>\n<meta property=\"og:image\" content=\"https:\/\/primolevicenter.org\/printed-matter\/wp-content\/uploads\/2021\/04\/BraibantiROTAT.jpg\" \/>\n\t<meta property=\"og:image:width\" content=\"1980\" \/>\n\t<meta property=\"og:image:height\" content=\"1053\" \/>\n\t<meta property=\"og:image:type\" content=\"image\/jpeg\" \/>\n<meta name=\"author\" content=\"adkim\" \/>\n<meta name=\"twitter:card\" content=\"summary_large_image\" \/>\n<meta name=\"twitter:label1\" content=\"Written by\" \/>\n\t<meta name=\"twitter:data1\" content=\"adkim\" \/>\n\t<meta name=\"twitter:label2\" content=\"Est. reading time\" \/>\n\t<meta name=\"twitter:data2\" content=\"2 minutes\" \/>\n<script type=\"application\/ld+json\" class=\"yoast-schema-graph\">{\"@context\":\"https:\/\/schema.org\",\"@graph\":[{\"@type\":\"Article\",\"@id\":\"https:\/\/primolevicenter.org\/printed-matter\/aldo-braibanti-the-scandal-of-the-imagination\/#article\",\"isPartOf\":{\"@id\":\"https:\/\/primolevicenter.org\/printed-matter\/aldo-braibanti-the-scandal-of-the-imagination\/\"},\"author\":{\"name\":\"adkim\",\"@id\":\"https:\/\/primolevicenter.org\/printed-matter\/#\/schema\/person\/7db57d2ae8d63dbc6c645dc92917ebe2\"},\"headline\":\"Aldo Braibanti: The Scandal of the Imagination\",\"datePublished\":\"2021-04-28T01:13:05+00:00\",\"dateModified\":\"2021-04-28T15:24:28+00:00\",\"mainEntityOfPage\":{\"@id\":\"https:\/\/primolevicenter.org\/printed-matter\/aldo-braibanti-the-scandal-of-the-imagination\/\"},\"wordCount\":478,\"image\":{\"@id\":\"https:\/\/primolevicenter.org\/printed-matter\/aldo-braibanti-the-scandal-of-the-imagination\/#primaryimage\"},\"thumbnailUrl\":\"https:\/\/primolevicenter.org\/printed-matter\/wp-content\/uploads\/2021\/04\/BraibantiROTAT.jpg\",\"articleSection\":[\"Essays\"],\"inLanguage\":\"en-US\"},{\"@type\":\"WebPage\",\"@id\":\"https:\/\/primolevicenter.org\/printed-matter\/aldo-braibanti-the-scandal-of-the-imagination\/\",\"url\":\"https:\/\/primolevicenter.org\/printed-matter\/aldo-braibanti-the-scandal-of-the-imagination\/\",\"name\":\"Aldo Braibanti: The Scandal of the Imagination - Printed_Matter\",\"isPartOf\":{\"@id\":\"https:\/\/primolevicenter.org\/printed-matter\/#website\"},\"primaryImageOfPage\":{\"@id\":\"https:\/\/primolevicenter.org\/printed-matter\/aldo-braibanti-the-scandal-of-the-imagination\/#primaryimage\"},\"image\":{\"@id\":\"https:\/\/primolevicenter.org\/printed-matter\/aldo-braibanti-the-scandal-of-the-imagination\/#primaryimage\"},\"thumbnailUrl\":\"https:\/\/primolevicenter.org\/printed-matter\/wp-content\/uploads\/2021\/04\/BraibantiROTAT.jpg\",\"datePublished\":\"2021-04-28T01:13:05+00:00\",\"dateModified\":\"2021-04-28T15:24:28+00:00\",\"author\":{\"@id\":\"https:\/\/primolevicenter.org\/printed-matter\/#\/schema\/person\/7db57d2ae8d63dbc6c645dc92917ebe2\"},\"breadcrumb\":{\"@id\":\"https:\/\/primolevicenter.org\/printed-matter\/aldo-braibanti-the-scandal-of-the-imagination\/#breadcrumb\"},\"inLanguage\":\"en-US\",\"potentialAction\":[{\"@type\":\"ReadAction\",\"target\":[\"https:\/\/primolevicenter.org\/printed-matter\/aldo-braibanti-the-scandal-of-the-imagination\/\"]}]},{\"@type\":\"ImageObject\",\"inLanguage\":\"en-US\",\"@id\":\"https:\/\/primolevicenter.org\/printed-matter\/aldo-braibanti-the-scandal-of-the-imagination\/#primaryimage\",\"url\":\"https:\/\/primolevicenter.org\/printed-matter\/wp-content\/uploads\/2021\/04\/BraibantiROTAT.jpg\",\"contentUrl\":\"https:\/\/primolevicenter.org\/printed-matter\/wp-content\/uploads\/2021\/04\/BraibantiROTAT.jpg\",\"width\":1980,\"height\":1053},{\"@type\":\"BreadcrumbList\",\"@id\":\"https:\/\/primolevicenter.org\/printed-matter\/aldo-braibanti-the-scandal-of-the-imagination\/#breadcrumb\",\"itemListElement\":[{\"@type\":\"ListItem\",\"position\":1,\"name\":\"Home\",\"item\":\"https:\/\/primolevicenter.org\/printed-matter\/\"},{\"@type\":\"ListItem\",\"position\":2,\"name\":\"Aldo Braibanti: The Scandal of the Imagination\"}]},{\"@type\":\"WebSite\",\"@id\":\"https:\/\/primolevicenter.org\/printed-matter\/#website\",\"url\":\"https:\/\/primolevicenter.org\/printed-matter\/\",\"name\":\"Printed_Matter\",\"description\":\"Centro Primo Levi Online Monthly\",\"potentialAction\":[{\"@type\":\"SearchAction\",\"target\":{\"@type\":\"EntryPoint\",\"urlTemplate\":\"https:\/\/primolevicenter.org\/printed-matter\/?s={search_term_string}\"},\"query-input\":{\"@type\":\"PropertyValueSpecification\",\"valueRequired\":true,\"valueName\":\"search_term_string\"}}],\"inLanguage\":\"en-US\"},{\"@type\":\"Person\",\"@id\":\"https:\/\/primolevicenter.org\/printed-matter\/#\/schema\/person\/7db57d2ae8d63dbc6c645dc92917ebe2\",\"name\":\"adkim\",\"url\":\"https:\/\/primolevicenter.org\/printed-matter\/author\/almond\/\"}]}<\/script>\n<!-- \/ Yoast SEO plugin. -->","yoast_head_json":{"title":"Aldo Braibanti: The Scandal of the Imagination - Printed_Matter","robots":{"index":"index","follow":"follow","max-snippet":"max-snippet:-1","max-image-preview":"max-image-preview:large","max-video-preview":"max-video-preview:-1"},"canonical":"https:\/\/primolevicenter.org\/printed-matter\/aldo-braibanti-the-scandal-of-the-imagination\/","og_locale":"en_US","og_type":"article","og_title":"Aldo Braibanti: The Scandal of the Imagination - Printed_Matter","og_description":"&nbsp; A modern anarchist outlines a new ecological horizon where man renounces the idea of primacy over other living beings. Imagination is his main instrument: when he puts it to...","og_url":"https:\/\/primolevicenter.org\/printed-matter\/aldo-braibanti-the-scandal-of-the-imagination\/","og_site_name":"Printed_Matter","article_published_time":"2021-04-28T01:13:05+00:00","article_modified_time":"2021-04-28T15:24:28+00:00","og_image":[{"width":1980,"height":1053,"url":"https:\/\/primolevicenter.org\/printed-matter\/wp-content\/uploads\/2021\/04\/BraibantiROTAT.jpg","type":"image\/jpeg"}],"author":"adkim","twitter_card":"summary_large_image","twitter_misc":{"Written by":"adkim","Est. reading time":"2 minutes"},"schema":{"@context":"https:\/\/schema.org","@graph":[{"@type":"Article","@id":"https:\/\/primolevicenter.org\/printed-matter\/aldo-braibanti-the-scandal-of-the-imagination\/#article","isPartOf":{"@id":"https:\/\/primolevicenter.org\/printed-matter\/aldo-braibanti-the-scandal-of-the-imagination\/"},"author":{"name":"adkim","@id":"https:\/\/primolevicenter.org\/printed-matter\/#\/schema\/person\/7db57d2ae8d63dbc6c645dc92917ebe2"},"headline":"Aldo Braibanti: The Scandal of the Imagination","datePublished":"2021-04-28T01:13:05+00:00","dateModified":"2021-04-28T15:24:28+00:00","mainEntityOfPage":{"@id":"https:\/\/primolevicenter.org\/printed-matter\/aldo-braibanti-the-scandal-of-the-imagination\/"},"wordCount":478,"image":{"@id":"https:\/\/primolevicenter.org\/printed-matter\/aldo-braibanti-the-scandal-of-the-imagination\/#primaryimage"},"thumbnailUrl":"https:\/\/primolevicenter.org\/printed-matter\/wp-content\/uploads\/2021\/04\/BraibantiROTAT.jpg","articleSection":["Essays"],"inLanguage":"en-US"},{"@type":"WebPage","@id":"https:\/\/primolevicenter.org\/printed-matter\/aldo-braibanti-the-scandal-of-the-imagination\/","url":"https:\/\/primolevicenter.org\/printed-matter\/aldo-braibanti-the-scandal-of-the-imagination\/","name":"Aldo Braibanti: The Scandal of the Imagination - Printed_Matter","isPartOf":{"@id":"https:\/\/primolevicenter.org\/printed-matter\/#website"},"primaryImageOfPage":{"@id":"https:\/\/primolevicenter.org\/printed-matter\/aldo-braibanti-the-scandal-of-the-imagination\/#primaryimage"},"image":{"@id":"https:\/\/primolevicenter.org\/printed-matter\/aldo-braibanti-the-scandal-of-the-imagination\/#primaryimage"},"thumbnailUrl":"https:\/\/primolevicenter.org\/printed-matter\/wp-content\/uploads\/2021\/04\/BraibantiROTAT.jpg","datePublished":"2021-04-28T01:13:05+00:00","dateModified":"2021-04-28T15:24:28+00:00","author":{"@id":"https:\/\/primolevicenter.org\/printed-matter\/#\/schema\/person\/7db57d2ae8d63dbc6c645dc92917ebe2"},"breadcrumb":{"@id":"https:\/\/primolevicenter.org\/printed-matter\/aldo-braibanti-the-scandal-of-the-imagination\/#breadcrumb"},"inLanguage":"en-US","potentialAction":[{"@type":"ReadAction","target":["https:\/\/primolevicenter.org\/printed-matter\/aldo-braibanti-the-scandal-of-the-imagination\/"]}]},{"@type":"ImageObject","inLanguage":"en-US","@id":"https:\/\/primolevicenter.org\/printed-matter\/aldo-braibanti-the-scandal-of-the-imagination\/#primaryimage","url":"https:\/\/primolevicenter.org\/printed-matter\/wp-content\/uploads\/2021\/04\/BraibantiROTAT.jpg","contentUrl":"https:\/\/primolevicenter.org\/printed-matter\/wp-content\/uploads\/2021\/04\/BraibantiROTAT.jpg","width":1980,"height":1053},{"@type":"BreadcrumbList","@id":"https:\/\/primolevicenter.org\/printed-matter\/aldo-braibanti-the-scandal-of-the-imagination\/#breadcrumb","itemListElement":[{"@type":"ListItem","position":1,"name":"Home","item":"https:\/\/primolevicenter.org\/printed-matter\/"},{"@type":"ListItem","position":2,"name":"Aldo Braibanti: The Scandal of the Imagination"}]},{"@type":"WebSite","@id":"https:\/\/primolevicenter.org\/printed-matter\/#website","url":"https:\/\/primolevicenter.org\/printed-matter\/","name":"Printed_Matter","description":"Centro Primo Levi Online Monthly","potentialAction":[{"@type":"SearchAction","target":{"@type":"EntryPoint","urlTemplate":"https:\/\/primolevicenter.org\/printed-matter\/?s={search_term_string}"},"query-input":{"@type":"PropertyValueSpecification","valueRequired":true,"valueName":"search_term_string"}}],"inLanguage":"en-US"},{"@type":"Person","@id":"https:\/\/primolevicenter.org\/printed-matter\/#\/schema\/person\/7db57d2ae8d63dbc6c645dc92917ebe2","name":"adkim","url":"https:\/\/primolevicenter.org\/printed-matter\/author\/almond\/"}]}},"_links":{"self":[{"href":"https:\/\/primolevicenter.org\/printed-matter\/wp-json\/wp\/v2\/posts\/4860","targetHints":{"allow":["GET"]}}],"collection":[{"href":"https:\/\/primolevicenter.org\/printed-matter\/wp-json\/wp\/v2\/posts"}],"about":[{"href":"https:\/\/primolevicenter.org\/printed-matter\/wp-json\/wp\/v2\/types\/post"}],"author":[{"embeddable":true,"href":"https:\/\/primolevicenter.org\/printed-matter\/wp-json\/wp\/v2\/users\/2"}],"replies":[{"embeddable":true,"href":"https:\/\/primolevicenter.org\/printed-matter\/wp-json\/wp\/v2\/comments?post=4860"}],"version-history":[{"count":6,"href":"https:\/\/primolevicenter.org\/printed-matter\/wp-json\/wp\/v2\/posts\/4860\/revisions"}],"predecessor-version":[{"id":4868,"href":"https:\/\/primolevicenter.org\/printed-matter\/wp-json\/wp\/v2\/posts\/4860\/revisions\/4868"}],"wp:featuredmedia":[{"embeddable":true,"href":"https:\/\/primolevicenter.org\/printed-matter\/wp-json\/wp\/v2\/media\/4862"}],"wp:attachment":[{"href":"https:\/\/primolevicenter.org\/printed-matter\/wp-json\/wp\/v2\/media?parent=4860"}],"wp:term":[{"taxonomy":"category","embeddable":true,"href":"https:\/\/primolevicenter.org\/printed-matter\/wp-json\/wp\/v2\/categories?post=4860"},{"taxonomy":"post_tag","embeddable":true,"href":"https:\/\/primolevicenter.org\/printed-matter\/wp-json\/wp\/v2\/tags?post=4860"}],"curies":[{"name":"wp","href":"https:\/\/api.w.org\/{rel}","templated":true}]}}