{"id":61,"date":"2014-02-26T21:53:02","date_gmt":"2014-02-26T21:53:02","guid":{"rendered":"http:\/\/primolevicenter.org\/printed-matter\/?p=61"},"modified":"2014-03-15T13:56:39","modified_gmt":"2014-03-15T13:56:39","slug":"piazza-delle-cinque-scholae","status":"publish","type":"post","link":"https:\/\/primolevicenter.org\/printed-matter\/piazza-delle-cinque-scholae\/","title":{"rendered":"Piazza delle Cinque Sc\u00f2le"},"content":{"rendered":"<p>Giacomo Lenghi, Watercolor, 1830 ca., Jewish Museum of Rome<\/p>\n<p>The square is named after the building that housed the five synagogues of the Jewish community of Rome from the institution of the ghetto in 1555 to the emancipation of Rome from the temporal power of the Church in 1870.<\/p>\n<p>The five synagogues reflected the diversity of Roman Jewry and included: &#8220;Sc\u00f2la Nova&#8221;,\u00a0 &#8220;Sc\u00f2la del Tempio&#8221;,\u00a0 &#8220;Sc\u00f2la Siciliana&#8221; , la &#8220;Sc\u00f2la Castigliana&#8221; and &#8220;Sc\u00f2la Catalana&#8221;, which was designed by\u00a0 Girolamo Rainaldi in 1628.<\/p>\n<p>The Cinque Sc\u00f2le were heavily damaged by a fire in the late 19th century and subsequently demolished. In 1904 the main synagogue of Rome, Tempio Maggiore, was inaugurated few blocks away from the old site by Palazzo Cenci.<\/p>\n<p>The furnishing and apparels of the Cinque Sc\u00f2le are today on view at the Jewish Museum of Rome. In 1930 some were used to establish the Oratorio Spagnolo on the lower level of the Tempio Maggiore. The oratorio functions for daily religious service.<\/p>\n<p>Image: Araldo De Luca<\/p>\n","protected":false},"excerpt":{"rendered":"<p>Giacomo Lenghi, Watercolor, 1830 ca., Jewish Museum of Rome The square is named after the building that housed the five synagogues of the Jewish community of Rome from the institution&#8230;<\/p>\n","protected":false},"author":2,"featured_media":62,"comment_status":"closed","ping_status":"open","sticky":false,"template":"","format":"standard","meta":{"ngg_post_thumbnail":0,"footnotes":""},"categories":[11],"tags":[],"class_list":["post-61","post","type-post","status-publish","format-standard","has-post-thumbnail","hentry","category-illustrations"],"yoast_head":"<!-- This site is optimized with the Yoast SEO plugin v27.0 - https:\/\/yoast.com\/product\/yoast-seo-wordpress\/ -->\n<title>Piazza delle Cinque Sc\u00f2le - Printed_Matter<\/title>\n<meta name=\"robots\" content=\"index, follow, max-snippet:-1, max-image-preview:large, max-video-preview:-1\" \/>\n<link rel=\"canonical\" href=\"https:\/\/primolevicenter.org\/printed-matter\/piazza-delle-cinque-scholae\/\" \/>\n<meta property=\"og:locale\" content=\"en_US\" \/>\n<meta property=\"og:type\" content=\"article\" \/>\n<meta property=\"og:title\" content=\"Piazza delle Cinque Sc\u00f2le - Printed_Matter\" \/>\n<meta property=\"og:description\" content=\"Giacomo Lenghi, Watercolor, 1830 ca., Jewish Museum of Rome The square is named after the building that housed the five synagogues of the Jewish community of Rome from the institution...\" \/>\n<meta property=\"og:url\" content=\"https:\/\/primolevicenter.org\/printed-matter\/piazza-delle-cinque-scholae\/\" \/>\n<meta property=\"og:site_name\" content=\"Printed_Matter\" \/>\n<meta property=\"article:published_time\" content=\"2014-02-26T21:53:02+00:00\" \/>\n<meta property=\"article:modified_time\" content=\"2014-03-15T13:56:39+00:00\" \/>\n<meta property=\"og:image\" content=\"https:\/\/primolevicenter.org\/printed-matter\/wp-content\/uploads\/2014\/02\/Piazza-Cinque-Scole2.jpg\" \/>\n\t<meta property=\"og:image:width\" content=\"2000\" \/>\n\t<meta property=\"og:image:height\" content=\"1486\" \/>\n\t<meta property=\"og:image:type\" content=\"image\/jpeg\" \/>\n<meta name=\"author\" content=\"adkim\" \/>\n<meta name=\"twitter:card\" content=\"summary_large_image\" \/>\n<meta name=\"twitter:label1\" content=\"Written by\" \/>\n\t<meta name=\"twitter:data1\" content=\"adkim\" \/>\n\t<meta name=\"twitter:label2\" content=\"Est. reading time\" \/>\n\t<meta name=\"twitter:data2\" content=\"1 minute\" \/>\n<script type=\"application\/ld+json\" class=\"yoast-schema-graph\">{\"@context\":\"https:\/\/schema.org\",\"@graph\":[{\"@type\":\"Article\",\"@id\":\"https:\/\/primolevicenter.org\/printed-matter\/piazza-delle-cinque-scholae\/#article\",\"isPartOf\":{\"@id\":\"https:\/\/primolevicenter.org\/printed-matter\/piazza-delle-cinque-scholae\/\"},\"author\":{\"name\":\"adkim\",\"@id\":\"https:\/\/primolevicenter.org\/printed-matter\/#\/schema\/person\/7db57d2ae8d63dbc6c645dc92917ebe2\"},\"headline\":\"Piazza delle Cinque Sc\u00f2le\",\"datePublished\":\"2014-02-26T21:53:02+00:00\",\"dateModified\":\"2014-03-15T13:56:39+00:00\",\"mainEntityOfPage\":{\"@id\":\"https:\/\/primolevicenter.org\/printed-matter\/piazza-delle-cinque-scholae\/\"},\"wordCount\":172,\"image\":{\"@id\":\"https:\/\/primolevicenter.org\/printed-matter\/piazza-delle-cinque-scholae\/#primaryimage\"},\"thumbnailUrl\":\"https:\/\/primolevicenter.org\/printed-matter\/wp-content\/uploads\/2014\/02\/Piazza-Cinque-Scole2.jpg\",\"articleSection\":[\"Illustrations\"],\"inLanguage\":\"en-US\"},{\"@type\":\"WebPage\",\"@id\":\"https:\/\/primolevicenter.org\/printed-matter\/piazza-delle-cinque-scholae\/\",\"url\":\"https:\/\/primolevicenter.org\/printed-matter\/piazza-delle-cinque-scholae\/\",\"name\":\"Piazza delle Cinque Sc\u00f2le - Printed_Matter\",\"isPartOf\":{\"@id\":\"https:\/\/primolevicenter.org\/printed-matter\/#website\"},\"primaryImageOfPage\":{\"@id\":\"https:\/\/primolevicenter.org\/printed-matter\/piazza-delle-cinque-scholae\/#primaryimage\"},\"image\":{\"@id\":\"https:\/\/primolevicenter.org\/printed-matter\/piazza-delle-cinque-scholae\/#primaryimage\"},\"thumbnailUrl\":\"https:\/\/primolevicenter.org\/printed-matter\/wp-content\/uploads\/2014\/02\/Piazza-Cinque-Scole2.jpg\",\"datePublished\":\"2014-02-26T21:53:02+00:00\",\"dateModified\":\"2014-03-15T13:56:39+00:00\",\"author\":{\"@id\":\"https:\/\/primolevicenter.org\/printed-matter\/#\/schema\/person\/7db57d2ae8d63dbc6c645dc92917ebe2\"},\"breadcrumb\":{\"@id\":\"https:\/\/primolevicenter.org\/printed-matter\/piazza-delle-cinque-scholae\/#breadcrumb\"},\"inLanguage\":\"en-US\",\"potentialAction\":[{\"@type\":\"ReadAction\",\"target\":[\"https:\/\/primolevicenter.org\/printed-matter\/piazza-delle-cinque-scholae\/\"]}]},{\"@type\":\"ImageObject\",\"inLanguage\":\"en-US\",\"@id\":\"https:\/\/primolevicenter.org\/printed-matter\/piazza-delle-cinque-scholae\/#primaryimage\",\"url\":\"https:\/\/primolevicenter.org\/printed-matter\/wp-content\/uploads\/2014\/02\/Piazza-Cinque-Scole2.jpg\",\"contentUrl\":\"https:\/\/primolevicenter.org\/printed-matter\/wp-content\/uploads\/2014\/02\/Piazza-Cinque-Scole2.jpg\",\"width\":2000,\"height\":1486},{\"@type\":\"BreadcrumbList\",\"@id\":\"https:\/\/primolevicenter.org\/printed-matter\/piazza-delle-cinque-scholae\/#breadcrumb\",\"itemListElement\":[{\"@type\":\"ListItem\",\"position\":1,\"name\":\"Home\",\"item\":\"https:\/\/primolevicenter.org\/printed-matter\/\"},{\"@type\":\"ListItem\",\"position\":2,\"name\":\"Piazza delle Cinque Sc\u00f2le\"}]},{\"@type\":\"WebSite\",\"@id\":\"https:\/\/primolevicenter.org\/printed-matter\/#website\",\"url\":\"https:\/\/primolevicenter.org\/printed-matter\/\",\"name\":\"Printed_Matter\",\"description\":\"Centro Primo Levi Online Monthly\",\"potentialAction\":[{\"@type\":\"SearchAction\",\"target\":{\"@type\":\"EntryPoint\",\"urlTemplate\":\"https:\/\/primolevicenter.org\/printed-matter\/?s={search_term_string}\"},\"query-input\":{\"@type\":\"PropertyValueSpecification\",\"valueRequired\":true,\"valueName\":\"search_term_string\"}}],\"inLanguage\":\"en-US\"},{\"@type\":\"Person\",\"@id\":\"https:\/\/primolevicenter.org\/printed-matter\/#\/schema\/person\/7db57d2ae8d63dbc6c645dc92917ebe2\",\"name\":\"adkim\",\"url\":\"https:\/\/primolevicenter.org\/printed-matter\/author\/almond\/\"}]}<\/script>\n<!-- \/ Yoast SEO plugin. -->","yoast_head_json":{"title":"Piazza delle Cinque Sc\u00f2le - Printed_Matter","robots":{"index":"index","follow":"follow","max-snippet":"max-snippet:-1","max-image-preview":"max-image-preview:large","max-video-preview":"max-video-preview:-1"},"canonical":"https:\/\/primolevicenter.org\/printed-matter\/piazza-delle-cinque-scholae\/","og_locale":"en_US","og_type":"article","og_title":"Piazza delle Cinque Sc\u00f2le - Printed_Matter","og_description":"Giacomo Lenghi, Watercolor, 1830 ca., Jewish Museum of Rome The square is named after the building that housed the five synagogues of the Jewish community of Rome from the institution...","og_url":"https:\/\/primolevicenter.org\/printed-matter\/piazza-delle-cinque-scholae\/","og_site_name":"Printed_Matter","article_published_time":"2014-02-26T21:53:02+00:00","article_modified_time":"2014-03-15T13:56:39+00:00","og_image":[{"width":2000,"height":1486,"url":"https:\/\/primolevicenter.org\/printed-matter\/wp-content\/uploads\/2014\/02\/Piazza-Cinque-Scole2.jpg","type":"image\/jpeg"}],"author":"adkim","twitter_card":"summary_large_image","twitter_misc":{"Written by":"adkim","Est. reading time":"1 minute"},"schema":{"@context":"https:\/\/schema.org","@graph":[{"@type":"Article","@id":"https:\/\/primolevicenter.org\/printed-matter\/piazza-delle-cinque-scholae\/#article","isPartOf":{"@id":"https:\/\/primolevicenter.org\/printed-matter\/piazza-delle-cinque-scholae\/"},"author":{"name":"adkim","@id":"https:\/\/primolevicenter.org\/printed-matter\/#\/schema\/person\/7db57d2ae8d63dbc6c645dc92917ebe2"},"headline":"Piazza delle Cinque Sc\u00f2le","datePublished":"2014-02-26T21:53:02+00:00","dateModified":"2014-03-15T13:56:39+00:00","mainEntityOfPage":{"@id":"https:\/\/primolevicenter.org\/printed-matter\/piazza-delle-cinque-scholae\/"},"wordCount":172,"image":{"@id":"https:\/\/primolevicenter.org\/printed-matter\/piazza-delle-cinque-scholae\/#primaryimage"},"thumbnailUrl":"https:\/\/primolevicenter.org\/printed-matter\/wp-content\/uploads\/2014\/02\/Piazza-Cinque-Scole2.jpg","articleSection":["Illustrations"],"inLanguage":"en-US"},{"@type":"WebPage","@id":"https:\/\/primolevicenter.org\/printed-matter\/piazza-delle-cinque-scholae\/","url":"https:\/\/primolevicenter.org\/printed-matter\/piazza-delle-cinque-scholae\/","name":"Piazza delle Cinque Sc\u00f2le - Printed_Matter","isPartOf":{"@id":"https:\/\/primolevicenter.org\/printed-matter\/#website"},"primaryImageOfPage":{"@id":"https:\/\/primolevicenter.org\/printed-matter\/piazza-delle-cinque-scholae\/#primaryimage"},"image":{"@id":"https:\/\/primolevicenter.org\/printed-matter\/piazza-delle-cinque-scholae\/#primaryimage"},"thumbnailUrl":"https:\/\/primolevicenter.org\/printed-matter\/wp-content\/uploads\/2014\/02\/Piazza-Cinque-Scole2.jpg","datePublished":"2014-02-26T21:53:02+00:00","dateModified":"2014-03-15T13:56:39+00:00","author":{"@id":"https:\/\/primolevicenter.org\/printed-matter\/#\/schema\/person\/7db57d2ae8d63dbc6c645dc92917ebe2"},"breadcrumb":{"@id":"https:\/\/primolevicenter.org\/printed-matter\/piazza-delle-cinque-scholae\/#breadcrumb"},"inLanguage":"en-US","potentialAction":[{"@type":"ReadAction","target":["https:\/\/primolevicenter.org\/printed-matter\/piazza-delle-cinque-scholae\/"]}]},{"@type":"ImageObject","inLanguage":"en-US","@id":"https:\/\/primolevicenter.org\/printed-matter\/piazza-delle-cinque-scholae\/#primaryimage","url":"https:\/\/primolevicenter.org\/printed-matter\/wp-content\/uploads\/2014\/02\/Piazza-Cinque-Scole2.jpg","contentUrl":"https:\/\/primolevicenter.org\/printed-matter\/wp-content\/uploads\/2014\/02\/Piazza-Cinque-Scole2.jpg","width":2000,"height":1486},{"@type":"BreadcrumbList","@id":"https:\/\/primolevicenter.org\/printed-matter\/piazza-delle-cinque-scholae\/#breadcrumb","itemListElement":[{"@type":"ListItem","position":1,"name":"Home","item":"https:\/\/primolevicenter.org\/printed-matter\/"},{"@type":"ListItem","position":2,"name":"Piazza delle Cinque Sc\u00f2le"}]},{"@type":"WebSite","@id":"https:\/\/primolevicenter.org\/printed-matter\/#website","url":"https:\/\/primolevicenter.org\/printed-matter\/","name":"Printed_Matter","description":"Centro Primo Levi Online Monthly","potentialAction":[{"@type":"SearchAction","target":{"@type":"EntryPoint","urlTemplate":"https:\/\/primolevicenter.org\/printed-matter\/?s={search_term_string}"},"query-input":{"@type":"PropertyValueSpecification","valueRequired":true,"valueName":"search_term_string"}}],"inLanguage":"en-US"},{"@type":"Person","@id":"https:\/\/primolevicenter.org\/printed-matter\/#\/schema\/person\/7db57d2ae8d63dbc6c645dc92917ebe2","name":"adkim","url":"https:\/\/primolevicenter.org\/printed-matter\/author\/almond\/"}]}},"_links":{"self":[{"href":"https:\/\/primolevicenter.org\/printed-matter\/wp-json\/wp\/v2\/posts\/61","targetHints":{"allow":["GET"]}}],"collection":[{"href":"https:\/\/primolevicenter.org\/printed-matter\/wp-json\/wp\/v2\/posts"}],"about":[{"href":"https:\/\/primolevicenter.org\/printed-matter\/wp-json\/wp\/v2\/types\/post"}],"author":[{"embeddable":true,"href":"https:\/\/primolevicenter.org\/printed-matter\/wp-json\/wp\/v2\/users\/2"}],"replies":[{"embeddable":true,"href":"https:\/\/primolevicenter.org\/printed-matter\/wp-json\/wp\/v2\/comments?post=61"}],"version-history":[{"count":7,"href":"https:\/\/primolevicenter.org\/printed-matter\/wp-json\/wp\/v2\/posts\/61\/revisions"}],"predecessor-version":[{"id":252,"href":"https:\/\/primolevicenter.org\/printed-matter\/wp-json\/wp\/v2\/posts\/61\/revisions\/252"}],"wp:featuredmedia":[{"embeddable":true,"href":"https:\/\/primolevicenter.org\/printed-matter\/wp-json\/wp\/v2\/media\/62"}],"wp:attachment":[{"href":"https:\/\/primolevicenter.org\/printed-matter\/wp-json\/wp\/v2\/media?parent=61"}],"wp:term":[{"taxonomy":"category","embeddable":true,"href":"https:\/\/primolevicenter.org\/printed-matter\/wp-json\/wp\/v2\/categories?post=61"},{"taxonomy":"post_tag","embeddable":true,"href":"https:\/\/primolevicenter.org\/printed-matter\/wp-json\/wp\/v2\/tags?post=61"}],"curies":[{"name":"wp","href":"https:\/\/api.w.org\/{rel}","templated":true}]}}